{"id":14000,"date":"2026-03-09T10:47:00","date_gmt":"2026-03-09T13:47:00","guid":{"rendered":"https:\/\/fundicaoemfoco.com.br\/site\/?p=14000"},"modified":"2026-03-09T10:47:00","modified_gmt":"2026-03-09T13:47:00","slug":"setor-automotivo-fevereiro-foi-melhor-que-janeiro-anfavea-esta-otimista","status":"publish","type":"post","link":"https:\/\/fundicaoemfoco.com.br\/site\/setor-automotivo-fevereiro-foi-melhor-que-janeiro-anfavea-esta-otimista\/","title":{"rendered":"Setor automotivo: Fevereiro foi melhor que janeiro \u2013 ANFAVEA est\u00e1 otimista!"},"content":{"rendered":"<p><strong>Produ\u00e7\u00e3o<\/strong><\/p><p>Segundo a ANFAVEA &#8211; Associa\u00e7\u00e3o Nacional dos Fabricantes de Ve\u00edculos Automotores, a produ\u00e7\u00e3o do setor aumentou +24,9% de janeiro (163,6 mil) para fevereiro (204,3 mil) deste ano.<\/p><p>Em contrapartida, no comparativo bimestral o resultado foi negativo (-8,9%).<\/p><p><strong>Emplacamentos<\/strong><\/p><p>As vendas do setor ficaram praticamente empatadas no bimestre (+0,1%), na compara\u00e7\u00e3o com 2025, por\u00e9m cresceram de janeiro a fevereiro deste ano (+8,6%).<\/p><p><strong>Exporta\u00e7\u00f5es<\/strong><\/p><p>No quesito embarques, o mesmo movimento foi observado: Retra\u00e7\u00e3o no comparativo bimestral (-28,0%), mas aumento de FEV26\/JAN26 (+29,6%).<\/p><p><strong>Caminh\u00f5es<\/strong><\/p><p>No caso dos caminh\u00f5es, n\u00e3o foi diferente: Na base de compara\u00e7\u00e3o 1B26\/25, houve queda da produ\u00e7\u00e3o da ordem de -27,0%, por\u00e9m crescimento de +14,5% de janeiro a fevereiro de 2026.<\/p><p>O mesmo se observa com os emplacamentos, que ca\u00edram -28,7% no 1B26, em rela\u00e7\u00e3o ao mesmo per\u00edodo de 2025, mas cresceram +3,3% entre janeiro e fevereiro deste ano.<\/p><p>J\u00e1 as exporta\u00e7\u00f5es de caminh\u00f5es ca\u00edram -31,6% no bimestre (1B26\/25), mas em fevereiro deste ano j\u00e1 foram +5,7% maiores que em janeiro.<\/p><figure class=\"wp-block-image size-large\"><img fetchpriority=\"high\" decoding=\"async\" width=\"800\" height=\"461\" src=\"https:\/\/fundicaoemfoco.com.br\/site\/wp-content\/uploads\/2026\/03\/105-800x461.jpg\" alt=\"\" class=\"wp-image-14001\" srcset=\"https:\/\/fundicaoemfoco.com.br\/site\/wp-content\/uploads\/2026\/03\/105.jpg 800w, https:\/\/fundicaoemfoco.com.br\/site\/wp-content\/uploads\/2026\/03\/105-768x442.jpg 768w, https:\/\/fundicaoemfoco.com.br\/site\/wp-content\/uploads\/2026\/03\/105-600x345.jpg 600w\" sizes=\"(max-width: 800px) 100vw, 800px\" \/><\/figure><p><strong>Anfavea segue otimista<\/strong><\/p><p>A entidade acredita que os reflexos do Programa Move Brasil, de incentivo \u00e0 renova\u00e7\u00e3o de frota por meio de taxas de financiamento reduzidas, j\u00e1 s\u00e3o sentidos.<\/p><p>Somente o BNDES j\u00e1 liberou mais de R$ 4 bilh\u00f5es em financiamentos para a troca de modelos antigos por novos ou seminovos.<\/p><p>Pelas proje\u00e7\u00f5es da ANFAVEA, a produ\u00e7\u00e3o do setor deve crescer 3,7% este ano, na m\u00e9dia, entre leves (+3,8%) e pesados (+1,4%), totalizando 2.741 mil unidades.<\/p><figure class=\"wp-block-table\"><table class=\"has-fixed-layout\"><tbody><tr><td><strong>Fonte: ANFAVEA<\/strong><\/td><\/tr><\/tbody><\/table><\/figure><p><\/p>","protected":false},"excerpt":{"rendered":"<p>Produ\u00e7\u00e3o Segundo a ANFAVEA &#8211; Associa\u00e7\u00e3o<\/p>\n","protected":false},"author":1,"featured_media":13875,"comment_status":"open","ping_status":"open","sticky":false,"template":"","format":"standard","meta":{"_acf_changed":false,"_monsterinsights_skip_tracking":false,"_monsterinsights_sitenote_active":false,"_monsterinsights_sitenote_note":"","_monsterinsights_sitenote_category":0,"footnotes":""},"categories":[740,741,747,744,750,1],"tags":[867,970,979,868],"class_list":{"0":"post-14000","1":"post","2":"type-post","3":"status-publish","4":"format-standard","5":"has-post-thumbnail","7":"category-fornecedores-news","8":"category-fundicao-news","9":"category-fundicao-em-foco","10":"category-industria","11":"category-industria-automotiva","12":"category-mercado-indices","13":"tag-anfavea","14":"tag-caminhoes","15":"tag-carros","16":"tag-industria-automotiva"},"acf":[],"_links":{"self":[{"href":"https:\/\/fundicaoemfoco.com.br\/site\/wp-json\/wp\/v2\/posts\/14000","targetHints":{"allow":["GET"]}}],"collection":[{"href":"https:\/\/fundicaoemfoco.com.br\/site\/wp-json\/wp\/v2\/posts"}],"about":[{"href":"https:\/\/fundicaoemfoco.com.br\/site\/wp-json\/wp\/v2\/types\/post"}],"author":[{"embeddable":true,"href":"https:\/\/fundicaoemfoco.com.br\/site\/wp-json\/wp\/v2\/users\/1"}],"replies":[{"embeddable":true,"href":"https:\/\/fundicaoemfoco.com.br\/site\/wp-json\/wp\/v2\/comments?post=14000"}],"version-history":[{"count":1,"href":"https:\/\/fundicaoemfoco.com.br\/site\/wp-json\/wp\/v2\/posts\/14000\/revisions"}],"predecessor-version":[{"id":14002,"href":"https:\/\/fundicaoemfoco.com.br\/site\/wp-json\/wp\/v2\/posts\/14000\/revisions\/14002"}],"wp:featuredmedia":[{"embeddable":true,"href":"https:\/\/fundicaoemfoco.com.br\/site\/wp-json\/wp\/v2\/media\/13875"}],"wp:attachment":[{"href":"https:\/\/fundicaoemfoco.com.br\/site\/wp-json\/wp\/v2\/media?parent=14000"}],"wp:term":[{"taxonomy":"category","embeddable":true,"href":"https:\/\/fundicaoemfoco.com.br\/site\/wp-json\/wp\/v2\/categories?post=14000"},{"taxonomy":"post_tag","embeddable":true,"href":"https:\/\/fundicaoemfoco.com.br\/site\/wp-json\/wp\/v2\/tags?post=14000"}],"curies":[{"name":"wp","href":"https:\/\/api.w.org\/{rel}","templated":true}]}}