{"id":14018,"date":"2026-03-11T14:25:01","date_gmt":"2026-03-11T17:25:01","guid":{"rendered":"https:\/\/fundicaoemfoco.com.br\/site\/?p=14018"},"modified":"2026-03-11T14:25:02","modified_gmt":"2026-03-11T17:25:02","slug":"stf-define-novas-regras-tributarias-para-reciclaveis-decisao-pode-impactar-mercado-de-sucata","status":"publish","type":"post","link":"https:\/\/fundicaoemfoco.com.br\/site\/stf-define-novas-regras-tributarias-para-reciclaveis-decisao-pode-impactar-mercado-de-sucata\/","title":{"rendered":"STF define novas regras tribut\u00e1rias para recicl\u00e1veis &#8211; Decis\u00e3o pode impactar mercado de sucata"},"content":{"rendered":"<p>O Supremo Tribunal Federal (STF) decidiu manter entendimento que permite a gera\u00e7\u00e3o de cr\u00e9ditos de PIS e Cofins na aquisi\u00e7\u00e3o de insumos recicl\u00e1veis, ao mesmo tempo em que encerra a isen\u00e7\u00e3o desses tributos na venda destes materiais. A Corte tamb\u00e9m definiu que os efeitos da decis\u00e3o passam a valer apenas a partir da conclus\u00e3o do julgamento, ou seja, agora em 2026, evitando impactos retroativos para empresas e para a Receita Federal.<\/p><p>A chamada modula\u00e7\u00e3o de efeitos foi adotada para garantir seguran\u00e7a jur\u00eddica e impedir dois cen\u00e1rios considerados problem\u00e1ticos: A cobran\u00e7a retroativa de tributos de empresas que se beneficiaram da regra anterior e a necessidade de devolu\u00e7\u00e3o de valores j\u00e1 recolhidos pela Uni\u00e3o.<\/p><p>A decis\u00e3o est\u00e1 relacionada \u00e0 invalida\u00e7\u00e3o do artigo 47 da Lei n\u00ba 11.196\/2005, que proibia o aproveitamento de cr\u00e9ditos de PIS\/Cofins na compra de materiais recicl\u00e1veis classificados como \u201cdesperd\u00edcios, res\u00edduos ou aparas\u201d, incluindo pl\u00e1stico, papel, vidro e metais como o ferro, a\u00e7o, alum\u00ednio, cobre, n\u00edquel, chumbo e zinco.<\/p><p>Com a mudan\u00e7a, empresas que utilizam esses materiais como insumo passam a poder aproveitar cr\u00e9ditos tribut\u00e1rios na sua aquisi\u00e7\u00e3o.<\/p><p>Em contrapartida, a venda desses res\u00edduos deixa de contar com a isen\u00e7\u00e3o dos tributos federais.<\/p><p><strong>Reflexos para o setor de fundi\u00e7\u00e3o<\/strong><\/p><p>A decis\u00e3o \u00e9 acompanhada com aten\u00e7\u00e3o por setores industriais intensivos em sucata met\u00e1lica, como a fundi\u00e7\u00e3o. A sucata de ferro e a\u00e7o \u00e9 amplamente utilizada como carga met\u00e1lica em processos de fus\u00e3o, tanto por raz\u00f5es econ\u00f4micas quanto ambientais.<\/p><p>Na pr\u00e1tica, a possibilidade de cr\u00e9dito de PIS\/Cofins na compra de recicl\u00e1veis pode representar uma compensa\u00e7\u00e3o tribut\u00e1ria para empresas consumidoras desses insumos.<\/p><p>No entanto, especialistas apontam que o fim da isen\u00e7\u00e3o na venda pode elevar os custos da sucata, uma vez que fornecedores da cadeia de reciclagem passam a recolher os tributos.<\/p><p>Como o mercado de sucata no Brasil envolve uma cadeia ampla \u2014 que inclui catadores, cooperativas, sucateiros e distribuidores \u2014 existe preocupa\u00e7\u00e3o de que o novo modelo tribut\u00e1rio possa reduzir margens ou desestimular parte da atividade de coleta e comercializa\u00e7\u00e3o de recicl\u00e1veis.<\/p><p>E caso haja repasse de custos ao longo da cadeia, o pre\u00e7o da sucata met\u00e1lica pode subir, afetando diretamente ind\u00fastrias que dependem desse insumo, como fundi\u00e7\u00f5es e sider\u00fargicas.<\/p><p><strong>Economia circular em debate<\/strong><\/p><p>Representantes do setor de reciclagem tamb\u00e9m argumentam que a decis\u00e3o pode gerar efeitos contr\u00e1rios aos objetivos de est\u00edmulo \u00e0 economia circular, caso a tributa\u00e7\u00e3o adicional reduza a atratividade da comercializa\u00e7\u00e3o de res\u00edduos.<\/p><p>A sucata met\u00e1lica desempenha papel estrat\u00e9gico na ind\u00fastria, por permitir a redu\u00e7\u00e3o do consumo de mat\u00e9rias-primas prim\u00e1rias, menor gasto energ\u00e9tico nos processos de fus\u00e3o e diminui\u00e7\u00e3o das emiss\u00f5es de carbono.<\/p><div class=\"wp-block-image\"><figure class=\"aligncenter size-large\"><img fetchpriority=\"high\" decoding=\"async\" width=\"800\" height=\"444\" src=\"https:\/\/fundicaoemfoco.com.br\/site\/wp-content\/uploads\/2026\/03\/Impacto-do-STF-no-mercado-de-sucata-800x444.png\" alt=\"\" class=\"wp-image-14019\" srcset=\"https:\/\/fundicaoemfoco.com.br\/site\/wp-content\/uploads\/2026\/03\/Impacto-do-STF-no-mercado-de-sucata.png 800w, https:\/\/fundicaoemfoco.com.br\/site\/wp-content\/uploads\/2026\/03\/Impacto-do-STF-no-mercado-de-sucata-768x426.png 768w, https:\/\/fundicaoemfoco.com.br\/site\/wp-content\/uploads\/2026\/03\/Impacto-do-STF-no-mercado-de-sucata-600x333.png 600w\" sizes=\"(max-width: 800px) 100vw, 800px\" \/><\/figure><\/div><figure class=\"wp-block-table\"><table class=\"has-fixed-layout\"><tbody><tr><td><strong>Fonte: Portal Fundi\u00e7\u00e3o em Foco<\/strong><\/td><\/tr><\/tbody><\/table><\/figure><p><\/p>","protected":false},"excerpt":{"rendered":"<p>O Supremo Tribunal Federal (STF) decidiu<\/p>\n","protected":false},"author":1,"featured_media":14019,"comment_status":"open","ping_status":"open","sticky":false,"template":"","format":"standard","meta":{"_acf_changed":false,"_monsterinsights_skip_tracking":false,"_monsterinsights_sitenote_active":false,"_monsterinsights_sitenote_note":"","_monsterinsights_sitenote_category":0,"footnotes":""},"categories":[853,809,740,741,747,744,891,810,861],"tags":[855,1026,819,833,1027,838,1025],"class_list":{"0":"post-14018","1":"post","2":"type-post","3":"status-publish","4":"format-standard","5":"has-post-thumbnail","7":"category-aco","8":"category-aluminio","9":"category-fornecedores-news","10":"category-fundicao-news","11":"category-fundicao-em-foco","12":"category-industria","13":"category-reciclagem","14":"category-sustentabilidade","15":"category-tributacao","16":"tag-aco","17":"tag-ferro","18":"tag-fundicao","19":"tag-fundicao-em-foco","20":"tag-pis-cofins","21":"tag-reciclagem","22":"tag-sucata"},"acf":[],"_links":{"self":[{"href":"https:\/\/fundicaoemfoco.com.br\/site\/wp-json\/wp\/v2\/posts\/14018","targetHints":{"allow":["GET"]}}],"collection":[{"href":"https:\/\/fundicaoemfoco.com.br\/site\/wp-json\/wp\/v2\/posts"}],"about":[{"href":"https:\/\/fundicaoemfoco.com.br\/site\/wp-json\/wp\/v2\/types\/post"}],"author":[{"embeddable":true,"href":"https:\/\/fundicaoemfoco.com.br\/site\/wp-json\/wp\/v2\/users\/1"}],"replies":[{"embeddable":true,"href":"https:\/\/fundicaoemfoco.com.br\/site\/wp-json\/wp\/v2\/comments?post=14018"}],"version-history":[{"count":1,"href":"https:\/\/fundicaoemfoco.com.br\/site\/wp-json\/wp\/v2\/posts\/14018\/revisions"}],"predecessor-version":[{"id":14020,"href":"https:\/\/fundicaoemfoco.com.br\/site\/wp-json\/wp\/v2\/posts\/14018\/revisions\/14020"}],"wp:featuredmedia":[{"embeddable":true,"href":"https:\/\/fundicaoemfoco.com.br\/site\/wp-json\/wp\/v2\/media\/14019"}],"wp:attachment":[{"href":"https:\/\/fundicaoemfoco.com.br\/site\/wp-json\/wp\/v2\/media?parent=14018"}],"wp:term":[{"taxonomy":"category","embeddable":true,"href":"https:\/\/fundicaoemfoco.com.br\/site\/wp-json\/wp\/v2\/categories?post=14018"},{"taxonomy":"post_tag","embeddable":true,"href":"https:\/\/fundicaoemfoco.com.br\/site\/wp-json\/wp\/v2\/tags?post=14018"}],"curies":[{"name":"wp","href":"https:\/\/api.w.org\/{rel}","templated":true}]}}